{"id":814,"date":"2024-06-13T08:36:40","date_gmt":"2024-06-13T06:36:40","guid":{"rendered":"https:\/\/camping-revin.com\/2024\/06\/13\/schwimmbad-francois-mitterrand-in-revin\/"},"modified":"2024-06-13T15:29:29","modified_gmt":"2024-06-13T13:29:29","slug":"schwimmbad-francois-mitterrand-in-revin","status":"publish","type":"post","link":"https:\/\/camping-revin.com\/de\/2024\/06\/13\/schwimmbad-francois-mitterrand-in-revin\/","title":{"rendered":"Schwimmbad Fran\u00e7ois Mitterrand in Revin"},"content":{"rendered":"\n<p>Das Piscine Fran\u00e7ois Mitterrand in R\u00e9vin ist eine ganzj\u00e4hrig ge\u00f6ffnete Wassersportanlage mit \u00d6ffnungszeiten, die an die Schul- und Ferienzeiten angepasst sind.<\/p>\n\n<h2 class=\"wp-block-heading\">\u00d6ffnungszeiten<\/h2>\n\n<h3 class=\"wp-block-heading\">Schulzeit<\/h3>\n\n<ul class=\"wp-block-list\">\n<li><strong>Montag und Sonntag<\/strong>: Geschlossen<\/li>\n\n\n\n<li><strong>Dienstag<\/strong>: 17.00 &#8211; 20.00 Uhr<\/li>\n\n\n\n<li><strong>Mittwoch<\/strong>: 15.00 &#8211; 17.45 Uhr<\/li>\n\n\n\n<li><strong>Donnerstag<\/strong>: 11.30 &#8211; 13.45 Uhr und 17.00 &#8211; 19.30 Uhr<\/li>\n\n\n\n<li><strong>Freitag<\/strong>: 15.45 &#8211; 18.00 Uhr<\/li>\n\n\n\n<li><strong>Samstag<\/strong>: 10.00 &#8211; 12.15 Uhr und 14.00 &#8211; 18.00 Uhr<\/li>\n<\/ul>\n\n<h3 class=\"wp-block-heading\">Schulferien (au\u00dfer Sommerferien)<\/h3>\n\n<ul class=\"wp-block-list\">\n<li><strong>Montag<\/strong>: 15.00 &#8211; 18.00 Uhr<\/li>\n\n\n\n<li><strong>Dienstag, Mittwoch und Donnerstag<\/strong>: 10.00 &#8211; 12.15 Uhr und 15.00 &#8211; 18.00 Uhr<\/li>\n\n\n\n<li><strong>Freitag<\/strong>: 10.00 &#8211; 12.15 Uhr und 15.00 &#8211; 20.00 Uhr<\/li>\n\n\n\n<li><strong>Samstag<\/strong>: 10.00 &#8211; 12.15 Uhr und 15.00 &#8211; 17.30 Uhr<\/li>\n\n\n\n<li><strong>Sonntag<\/strong>: Geschlossen<\/li>\n<\/ul>\n\n<h3 class=\"wp-block-heading\">Sommerferien<\/h3>\n\n<ul class=\"wp-block-list\">\n<li><strong>Montag und Sonntag<\/strong>: Geschlossen<\/li>\n\n\n\n<li><strong>Dienstag, Mittwoch, Donnerstag und Samstag<\/strong>: 10.00 &#8211; 12.15 Uhr und 15.00 &#8211; 18.00 Uhr<\/li>\n\n\n\n<li><strong>Freitag<\/strong>: 10.00 &#8211; 12.15 Uhr und 15.00 &#8211; 20.00 Uhr<\/li>\n<\/ul>\n\n<h2 class=\"wp-block-heading\">Preise<\/h2>\n\n<ul class=\"wp-block-list\">\n<li><strong>Erwachsener<\/strong>: 2,60 \u20ac &#8211; 10er-Abonnement: 20,50 \u20ac.<\/li>\n\n\n\n<li><strong>Jugendlicher (unter 16 Jahren)<\/strong>: 1,70 \u20ac &#8211; 5er-Abonnement: 13,50 \u20ac.<\/li>\n<\/ul>\n\n<h2 class=\"wp-block-heading\">Dienstleistungen und Aktivit\u00e4ten<\/h2>\n\n<h3 class=\"wp-block-heading\">Abdeckung<\/h3>\n\n<p>Der Pool ist \u00fcberdacht, so dass Sie ihn das ganze Jahr \u00fcber nutzen k\u00f6nnen, ohne sich um die Wetterbedingungen k\u00fcmmern zu m\u00fcssen.<\/p>\n\n<h3 class=\"wp-block-heading\">Verf\u00fcgbare Becken<\/h3>\n\n<ul class=\"wp-block-list\">\n<li>Anzahl der Becken: 2<\/li>\n\n\n\n<li>25-Meter-Becken<\/li>\n<\/ul>\n\n<h3 class=\"wp-block-heading\">Vorgeschlagene Aktivit\u00e4ten<\/h3>\n\n<ul class=\"wp-block-list\">\n<li>Schwimmunterricht<\/li>\n<\/ul>\n\n<p>Der Piscine Fran\u00e7ois Mitterrand in R\u00e9vin ist der ideale Ort, um sich zu entspannen, schwimmen zu lernen oder in einer angenehmen und gut ausgestatteten Umgebung zu trainieren. Ob Erwachsene oder Jugendliche, die \u00d6ffnungszeiten und Preise sind so gestaltet, dass sie f\u00fcr jeden geeignet sind. Nutzen Sie die zahlreichen Aktivit\u00e4ten und die qualitativ hochwertigen Einrichtungen, um eine angenehme Zeit mit der Familie oder mit Freunden zu verbringen.<\/p>\n","protected":false},"excerpt":{"rendered":"<p>Das Piscine Fran\u00e7ois Mitterrand in R\u00e9vin ist eine ganzj\u00e4hrig ge\u00f6ffnete Wassersportanlage mit \u00d6ffnungszeiten, die an die Schul- und Ferienzeiten angepasst sind. \u00d6ffnungszeiten Schulzeit Schulferien (au\u00dfer Sommerferien) Sommerferien Preise Dienstleistungen und Aktivit\u00e4ten Abdeckung Der Pool ist \u00fcberdacht, so dass Sie ihn das ganze Jahr \u00fcber nutzen k\u00f6nnen, ohne sich um die Wetterbedingungen k\u00fcmmern zu m\u00fcssen. Verf\u00fcgbare [&hellip;]<\/p>\n","protected":false},"author":4,"featured_media":788,"comment_status":"closed","ping_status":"closed","sticky":true,"template":"","format":"standard","meta":{"footnotes":""},"categories":[27,28],"tags":[],"class_list":["post-814","post","type-post","status-publish","format-standard","has-post-thumbnail","hentry","category-aktivitaten-in-den-ardennen","category-aktuelles-auf-dem-campingplatz"],"yoast_head":"<!-- This site is optimized with the Yoast SEO plugin v26.7 - https:\/\/yoast.com\/wordpress\/plugins\/seo\/ -->\n<title>Schwimmbad Fran\u00e7ois Mitterrand in Revin - Camping de Revin<\/title>\n<meta name=\"robots\" content=\"index, follow, max-snippet:-1, max-image-preview:large, max-video-preview:-1\" \/>\n<link rel=\"canonical\" href=\"https:\/\/camping-revin.com\/de\/2024\/06\/13\/schwimmbad-francois-mitterrand-in-revin\/\" \/>\n<meta property=\"og:locale\" content=\"de_DE\" \/>\n<meta property=\"og:type\" content=\"article\" \/>\n<meta property=\"og:title\" content=\"Schwimmbad Fran\u00e7ois Mitterrand in Revin - Camping de Revin\" \/>\n<meta property=\"og:description\" content=\"Das Piscine Fran\u00e7ois Mitterrand in R\u00e9vin ist eine ganzj\u00e4hrig ge\u00f6ffnete Wassersportanlage mit \u00d6ffnungszeiten, die an die Schul- und Ferienzeiten angepasst sind. \u00d6ffnungszeiten Schulzeit Schulferien (au\u00dfer Sommerferien) Sommerferien Preise Dienstleistungen und Aktivit\u00e4ten Abdeckung Der Pool ist \u00fcberdacht, so dass Sie ihn das ganze Jahr \u00fcber nutzen k\u00f6nnen, ohne sich um die Wetterbedingungen k\u00fcmmern zu m\u00fcssen. Verf\u00fcgbare [&hellip;]\" \/>\n<meta property=\"og:url\" content=\"https:\/\/camping-revin.com\/de\/2024\/06\/13\/schwimmbad-francois-mitterrand-in-revin\/\" \/>\n<meta property=\"og:site_name\" content=\"Camping de Revin\" \/>\n<meta property=\"article:published_time\" content=\"2024-06-13T06:36:40+00:00\" \/>\n<meta property=\"article:modified_time\" content=\"2024-06-13T13:29:29+00:00\" \/>\n<meta property=\"og:image\" content=\"https:\/\/camping-revin.com\/wp-content\/uploads\/sites\/57\/2024\/06\/Piscine-Francois-Mitterrand-de-Revin.jpg\" \/>\n\t<meta property=\"og:image:width\" content=\"2000\" \/>\n\t<meta property=\"og:image:height\" content=\"1333\" \/>\n\t<meta property=\"og:image:type\" content=\"image\/jpeg\" \/>\n<meta name=\"author\" content=\"Nicolas Urban\" \/>\n<meta name=\"twitter:card\" content=\"summary_large_image\" \/>\n<meta name=\"twitter:label1\" content=\"Verfasst von\" \/>\n\t<meta name=\"twitter:data1\" content=\"Nicolas Urban\" \/>\n\t<meta name=\"twitter:label2\" content=\"Gesch\u00e4tzte Lesezeit\" \/>\n\t<meta name=\"twitter:data2\" content=\"1\u00a0Minute\" \/>\n<script type=\"application\/ld+json\" class=\"yoast-schema-graph\">{\"@context\":\"https:\/\/schema.org\",\"@graph\":[{\"@type\":\"Article\",\"@id\":\"https:\/\/camping-revin.com\/de\/2024\/06\/13\/schwimmbad-francois-mitterrand-in-revin\/#article\",\"isPartOf\":{\"@id\":\"https:\/\/camping-revin.com\/de\/2024\/06\/13\/schwimmbad-francois-mitterrand-in-revin\/\"},\"author\":{\"name\":\"Nicolas Urban\",\"@id\":\"https:\/\/camping-revin.com\/de\/#\/schema\/person\/e50f2436278521f750db6dd3c9694c4e\"},\"headline\":\"Schwimmbad Fran\u00e7ois Mitterrand in Revin\",\"datePublished\":\"2024-06-13T06:36:40+00:00\",\"dateModified\":\"2024-06-13T13:29:29+00:00\",\"mainEntityOfPage\":{\"@id\":\"https:\/\/camping-revin.com\/de\/2024\/06\/13\/schwimmbad-francois-mitterrand-in-revin\/\"},\"wordCount\":229,\"publisher\":{\"@id\":\"https:\/\/camping-revin.com\/de\/#organization\"},\"image\":{\"@id\":\"https:\/\/camping-revin.com\/de\/2024\/06\/13\/schwimmbad-francois-mitterrand-in-revin\/#primaryimage\"},\"thumbnailUrl\":\"https:\/\/camping-revin.com\/wp-content\/uploads\/sites\/57\/2024\/06\/Piscine-Francois-Mitterrand-de-Revin.jpg\",\"articleSection\":[\"Aktivit\u00e4ten in den Ardennen\",\"Aktuelles auf dem Campingplatz\"],\"inLanguage\":\"de\"},{\"@type\":\"WebPage\",\"@id\":\"https:\/\/camping-revin.com\/de\/2024\/06\/13\/schwimmbad-francois-mitterrand-in-revin\/\",\"url\":\"https:\/\/camping-revin.com\/de\/2024\/06\/13\/schwimmbad-francois-mitterrand-in-revin\/\",\"name\":\"Schwimmbad Fran\u00e7ois Mitterrand in Revin - Camping de Revin\",\"isPartOf\":{\"@id\":\"https:\/\/camping-revin.com\/de\/#website\"},\"primaryImageOfPage\":{\"@id\":\"https:\/\/camping-revin.com\/de\/2024\/06\/13\/schwimmbad-francois-mitterrand-in-revin\/#primaryimage\"},\"image\":{\"@id\":\"https:\/\/camping-revin.com\/de\/2024\/06\/13\/schwimmbad-francois-mitterrand-in-revin\/#primaryimage\"},\"thumbnailUrl\":\"https:\/\/camping-revin.com\/wp-content\/uploads\/sites\/57\/2024\/06\/Piscine-Francois-Mitterrand-de-Revin.jpg\",\"datePublished\":\"2024-06-13T06:36:40+00:00\",\"dateModified\":\"2024-06-13T13:29:29+00:00\",\"breadcrumb\":{\"@id\":\"https:\/\/camping-revin.com\/de\/2024\/06\/13\/schwimmbad-francois-mitterrand-in-revin\/#breadcrumb\"},\"inLanguage\":\"de\",\"potentialAction\":[{\"@type\":\"ReadAction\",\"target\":[\"https:\/\/camping-revin.com\/de\/2024\/06\/13\/schwimmbad-francois-mitterrand-in-revin\/\"]}]},{\"@type\":\"ImageObject\",\"inLanguage\":\"de\",\"@id\":\"https:\/\/camping-revin.com\/de\/2024\/06\/13\/schwimmbad-francois-mitterrand-in-revin\/#primaryimage\",\"url\":\"https:\/\/camping-revin.com\/wp-content\/uploads\/sites\/57\/2024\/06\/Piscine-Francois-Mitterrand-de-Revin.jpg\",\"contentUrl\":\"https:\/\/camping-revin.com\/wp-content\/uploads\/sites\/57\/2024\/06\/Piscine-Francois-Mitterrand-de-Revin.jpg\",\"width\":2000,\"height\":1333},{\"@type\":\"BreadcrumbList\",\"@id\":\"https:\/\/camping-revin.com\/de\/2024\/06\/13\/schwimmbad-francois-mitterrand-in-revin\/#breadcrumb\",\"itemListElement\":[{\"@type\":\"ListItem\",\"position\":1,\"name\":\"Accueil\",\"item\":\"https:\/\/camping-revin.com\/de\/\"},{\"@type\":\"ListItem\",\"position\":2,\"name\":\"Schwimmbad Fran\u00e7ois Mitterrand in Revin\"}]},{\"@type\":\"WebSite\",\"@id\":\"https:\/\/camping-revin.com\/de\/#website\",\"url\":\"https:\/\/camping-revin.com\/de\/\",\"name\":\"Camping de Revin\",\"description\":\"\",\"publisher\":{\"@id\":\"https:\/\/camping-revin.com\/de\/#organization\"},\"potentialAction\":[{\"@type\":\"SearchAction\",\"target\":{\"@type\":\"EntryPoint\",\"urlTemplate\":\"https:\/\/camping-revin.com\/de\/?s={search_term_string}\"},\"query-input\":{\"@type\":\"PropertyValueSpecification\",\"valueRequired\":true,\"valueName\":\"search_term_string\"}}],\"inLanguage\":\"de\"},{\"@type\":\"Organization\",\"@id\":\"https:\/\/camping-revin.com\/de\/#organization\",\"name\":\"Camping les bateaux\",\"url\":\"https:\/\/camping-revin.com\/de\/\",\"logo\":{\"@type\":\"ImageObject\",\"inLanguage\":\"de\",\"@id\":\"https:\/\/camping-revin.com\/de\/#\/schema\/logo\/image\/\",\"url\":\"https:\/\/camping-revin.com\/wp-content\/uploads\/sites\/57\/2024\/05\/logo-ostara-blanc.png\",\"contentUrl\":\"https:\/\/camping-revin.com\/wp-content\/uploads\/sites\/57\/2024\/05\/logo-ostara-blanc.png\",\"width\":1181,\"height\":1181,\"caption\":\"Camping les bateaux\"},\"image\":{\"@id\":\"https:\/\/camping-revin.com\/de\/#\/schema\/logo\/image\/\"}},{\"@type\":\"Person\",\"@id\":\"https:\/\/camping-revin.com\/de\/#\/schema\/person\/e50f2436278521f750db6dd3c9694c4e\",\"name\":\"Nicolas Urban\",\"image\":{\"@type\":\"ImageObject\",\"inLanguage\":\"de\",\"@id\":\"https:\/\/camping-revin.com\/de\/#\/schema\/person\/image\/\",\"url\":\"https:\/\/camping-revin.com\/wp-content\/litespeed\/avatar\/57\/7cb113338f6b67c23b7856cb31b4c8de.jpg?ver=1776982686\",\"contentUrl\":\"https:\/\/camping-revin.com\/wp-content\/litespeed\/avatar\/57\/7cb113338f6b67c23b7856cb31b4c8de.jpg?ver=1776982686\",\"caption\":\"Nicolas Urban\"},\"description\":\"Nicolas est le fondateur de Santerro, une agence sp\u00e9cialis\u00e9e dans la communication digitale sant\u00e9. Fort d\u2019une solide exp\u00e9rience dans le marketing et le secteur m\u00e9dical, il a imagin\u00e9 Santerro comme un pont entre l\u2019univers de la sant\u00e9 et les nouvelles technologies. Sa vision : offrir aux professionnels de sant\u00e9 des outils modernes, performants et conformes pour renforcer leur visibilit\u00e9. Curieux, rigoureux et passionn\u00e9, Nicolas pilote la strat\u00e9gie globale de l\u2019agence, accompagne les clients et veille \u00e0 la pertinence des solutions propos\u00e9es. Il croit en une communication \u00e9thique, claire et humaine, au service du bien commun.\",\"url\":\"https:\/\/camping-revin.com\/de\/author\/nicolasdigiteo\/\"}]}<\/script>\n<!-- \/ Yoast SEO plugin. -->","yoast_head_json":{"title":"Schwimmbad Fran\u00e7ois Mitterrand in Revin - Camping de Revin","robots":{"index":"index","follow":"follow","max-snippet":"max-snippet:-1","max-image-preview":"max-image-preview:large","max-video-preview":"max-video-preview:-1"},"canonical":"https:\/\/camping-revin.com\/de\/2024\/06\/13\/schwimmbad-francois-mitterrand-in-revin\/","og_locale":"de_DE","og_type":"article","og_title":"Schwimmbad Fran\u00e7ois Mitterrand in Revin - Camping de Revin","og_description":"Das Piscine Fran\u00e7ois Mitterrand in R\u00e9vin ist eine ganzj\u00e4hrig ge\u00f6ffnete Wassersportanlage mit \u00d6ffnungszeiten, die an die Schul- und Ferienzeiten angepasst sind. \u00d6ffnungszeiten Schulzeit Schulferien (au\u00dfer Sommerferien) Sommerferien Preise Dienstleistungen und Aktivit\u00e4ten Abdeckung Der Pool ist \u00fcberdacht, so dass Sie ihn das ganze Jahr \u00fcber nutzen k\u00f6nnen, ohne sich um die Wetterbedingungen k\u00fcmmern zu m\u00fcssen. Verf\u00fcgbare [&hellip;]","og_url":"https:\/\/camping-revin.com\/de\/2024\/06\/13\/schwimmbad-francois-mitterrand-in-revin\/","og_site_name":"Camping de Revin","article_published_time":"2024-06-13T06:36:40+00:00","article_modified_time":"2024-06-13T13:29:29+00:00","og_image":[{"width":2000,"height":1333,"url":"https:\/\/camping-revin.com\/wp-content\/uploads\/sites\/57\/2024\/06\/Piscine-Francois-Mitterrand-de-Revin.jpg","type":"image\/jpeg"}],"author":"Nicolas Urban","twitter_card":"summary_large_image","twitter_misc":{"Verfasst von":"Nicolas Urban","Gesch\u00e4tzte Lesezeit":"1\u00a0Minute"},"schema":{"@context":"https:\/\/schema.org","@graph":[{"@type":"Article","@id":"https:\/\/camping-revin.com\/de\/2024\/06\/13\/schwimmbad-francois-mitterrand-in-revin\/#article","isPartOf":{"@id":"https:\/\/camping-revin.com\/de\/2024\/06\/13\/schwimmbad-francois-mitterrand-in-revin\/"},"author":{"name":"Nicolas Urban","@id":"https:\/\/camping-revin.com\/de\/#\/schema\/person\/e50f2436278521f750db6dd3c9694c4e"},"headline":"Schwimmbad Fran\u00e7ois Mitterrand in Revin","datePublished":"2024-06-13T06:36:40+00:00","dateModified":"2024-06-13T13:29:29+00:00","mainEntityOfPage":{"@id":"https:\/\/camping-revin.com\/de\/2024\/06\/13\/schwimmbad-francois-mitterrand-in-revin\/"},"wordCount":229,"publisher":{"@id":"https:\/\/camping-revin.com\/de\/#organization"},"image":{"@id":"https:\/\/camping-revin.com\/de\/2024\/06\/13\/schwimmbad-francois-mitterrand-in-revin\/#primaryimage"},"thumbnailUrl":"https:\/\/camping-revin.com\/wp-content\/uploads\/sites\/57\/2024\/06\/Piscine-Francois-Mitterrand-de-Revin.jpg","articleSection":["Aktivit\u00e4ten in den Ardennen","Aktuelles auf dem Campingplatz"],"inLanguage":"de"},{"@type":"WebPage","@id":"https:\/\/camping-revin.com\/de\/2024\/06\/13\/schwimmbad-francois-mitterrand-in-revin\/","url":"https:\/\/camping-revin.com\/de\/2024\/06\/13\/schwimmbad-francois-mitterrand-in-revin\/","name":"Schwimmbad Fran\u00e7ois Mitterrand in Revin - Camping de Revin","isPartOf":{"@id":"https:\/\/camping-revin.com\/de\/#website"},"primaryImageOfPage":{"@id":"https:\/\/camping-revin.com\/de\/2024\/06\/13\/schwimmbad-francois-mitterrand-in-revin\/#primaryimage"},"image":{"@id":"https:\/\/camping-revin.com\/de\/2024\/06\/13\/schwimmbad-francois-mitterrand-in-revin\/#primaryimage"},"thumbnailUrl":"https:\/\/camping-revin.com\/wp-content\/uploads\/sites\/57\/2024\/06\/Piscine-Francois-Mitterrand-de-Revin.jpg","datePublished":"2024-06-13T06:36:40+00:00","dateModified":"2024-06-13T13:29:29+00:00","breadcrumb":{"@id":"https:\/\/camping-revin.com\/de\/2024\/06\/13\/schwimmbad-francois-mitterrand-in-revin\/#breadcrumb"},"inLanguage":"de","potentialAction":[{"@type":"ReadAction","target":["https:\/\/camping-revin.com\/de\/2024\/06\/13\/schwimmbad-francois-mitterrand-in-revin\/"]}]},{"@type":"ImageObject","inLanguage":"de","@id":"https:\/\/camping-revin.com\/de\/2024\/06\/13\/schwimmbad-francois-mitterrand-in-revin\/#primaryimage","url":"https:\/\/camping-revin.com\/wp-content\/uploads\/sites\/57\/2024\/06\/Piscine-Francois-Mitterrand-de-Revin.jpg","contentUrl":"https:\/\/camping-revin.com\/wp-content\/uploads\/sites\/57\/2024\/06\/Piscine-Francois-Mitterrand-de-Revin.jpg","width":2000,"height":1333},{"@type":"BreadcrumbList","@id":"https:\/\/camping-revin.com\/de\/2024\/06\/13\/schwimmbad-francois-mitterrand-in-revin\/#breadcrumb","itemListElement":[{"@type":"ListItem","position":1,"name":"Accueil","item":"https:\/\/camping-revin.com\/de\/"},{"@type":"ListItem","position":2,"name":"Schwimmbad Fran\u00e7ois Mitterrand in Revin"}]},{"@type":"WebSite","@id":"https:\/\/camping-revin.com\/de\/#website","url":"https:\/\/camping-revin.com\/de\/","name":"Camping de Revin","description":"","publisher":{"@id":"https:\/\/camping-revin.com\/de\/#organization"},"potentialAction":[{"@type":"SearchAction","target":{"@type":"EntryPoint","urlTemplate":"https:\/\/camping-revin.com\/de\/?s={search_term_string}"},"query-input":{"@type":"PropertyValueSpecification","valueRequired":true,"valueName":"search_term_string"}}],"inLanguage":"de"},{"@type":"Organization","@id":"https:\/\/camping-revin.com\/de\/#organization","name":"Camping les bateaux","url":"https:\/\/camping-revin.com\/de\/","logo":{"@type":"ImageObject","inLanguage":"de","@id":"https:\/\/camping-revin.com\/de\/#\/schema\/logo\/image\/","url":"https:\/\/camping-revin.com\/wp-content\/uploads\/sites\/57\/2024\/05\/logo-ostara-blanc.png","contentUrl":"https:\/\/camping-revin.com\/wp-content\/uploads\/sites\/57\/2024\/05\/logo-ostara-blanc.png","width":1181,"height":1181,"caption":"Camping les bateaux"},"image":{"@id":"https:\/\/camping-revin.com\/de\/#\/schema\/logo\/image\/"}},{"@type":"Person","@id":"https:\/\/camping-revin.com\/de\/#\/schema\/person\/e50f2436278521f750db6dd3c9694c4e","name":"Nicolas Urban","image":{"@type":"ImageObject","inLanguage":"de","@id":"https:\/\/camping-revin.com\/de\/#\/schema\/person\/image\/","url":"https:\/\/camping-revin.com\/wp-content\/litespeed\/avatar\/57\/7cb113338f6b67c23b7856cb31b4c8de.jpg?ver=1776982686","contentUrl":"https:\/\/camping-revin.com\/wp-content\/litespeed\/avatar\/57\/7cb113338f6b67c23b7856cb31b4c8de.jpg?ver=1776982686","caption":"Nicolas Urban"},"description":"Nicolas est le fondateur de Santerro, une agence sp\u00e9cialis\u00e9e dans la communication digitale sant\u00e9. Fort d\u2019une solide exp\u00e9rience dans le marketing et le secteur m\u00e9dical, il a imagin\u00e9 Santerro comme un pont entre l\u2019univers de la sant\u00e9 et les nouvelles technologies. Sa vision : offrir aux professionnels de sant\u00e9 des outils modernes, performants et conformes pour renforcer leur visibilit\u00e9. Curieux, rigoureux et passionn\u00e9, Nicolas pilote la strat\u00e9gie globale de l\u2019agence, accompagne les clients et veille \u00e0 la pertinence des solutions propos\u00e9es. Il croit en une communication \u00e9thique, claire et humaine, au service du bien commun.","url":"https:\/\/camping-revin.com\/de\/author\/nicolasdigiteo\/"}]}},"_links":{"self":[{"href":"https:\/\/camping-revin.com\/de\/wp-json\/wp\/v2\/posts\/814","targetHints":{"allow":["GET"]}}],"collection":[{"href":"https:\/\/camping-revin.com\/de\/wp-json\/wp\/v2\/posts"}],"about":[{"href":"https:\/\/camping-revin.com\/de\/wp-json\/wp\/v2\/types\/post"}],"author":[{"embeddable":true,"href":"https:\/\/camping-revin.com\/de\/wp-json\/wp\/v2\/users\/4"}],"replies":[{"embeddable":true,"href":"https:\/\/camping-revin.com\/de\/wp-json\/wp\/v2\/comments?post=814"}],"version-history":[{"count":1,"href":"https:\/\/camping-revin.com\/de\/wp-json\/wp\/v2\/posts\/814\/revisions"}],"predecessor-version":[{"id":819,"href":"https:\/\/camping-revin.com\/de\/wp-json\/wp\/v2\/posts\/814\/revisions\/819"}],"wp:featuredmedia":[{"embeddable":true,"href":"https:\/\/camping-revin.com\/de\/wp-json\/wp\/v2\/media\/788"}],"wp:attachment":[{"href":"https:\/\/camping-revin.com\/de\/wp-json\/wp\/v2\/media?parent=814"}],"wp:term":[{"taxonomy":"category","embeddable":true,"href":"https:\/\/camping-revin.com\/de\/wp-json\/wp\/v2\/categories?post=814"},{"taxonomy":"post_tag","embeddable":true,"href":"https:\/\/camping-revin.com\/de\/wp-json\/wp\/v2\/tags?post=814"}],"curies":[{"name":"wp","href":"https:\/\/api.w.org\/{rel}","templated":true}]}}